{"id":414,"date":"2016-03-17T08:49:50","date_gmt":"2016-03-17T07:49:50","guid":{"rendered":"http:\/\/claudiamencaroni.it\/?p=414"},"modified":"2016-09-06T10:30:46","modified_gmt":"2016-09-06T08:30:46","slug":"io-la-maglia-e-un-nuovo-amore-westknit","status":"publish","type":"post","link":"http:\/\/claudiamencaroni.it\/index.php\/2016\/03\/17\/io-la-maglia-e-un-nuovo-amore-westknit\/","title":{"rendered":"Io, la maglia e un nuovo amore #westknit"},"content":{"rendered":"<p><a href=\"http:\/\/claudiamencaroni.it\/wp-content\/uploads\/2016\/03\/knittingcaia_come-ho-iniziato-a-fare-la-maglia.jpg\" rel=\"attachment wp-att-417\"><img loading=\"lazy\" decoding=\"async\" class=\"aligncenter size-full wp-image-417\" src=\"http:\/\/claudiamencaroni.it\/wp-content\/uploads\/2016\/03\/knittingcaia_come-ho-iniziato-a-fare-la-maglia.jpg\" alt=\"knittingcaia_come-ho-iniziato-a-fare-la-maglia\" width=\"640\" height=\"640\" srcset=\"http:\/\/claudiamencaroni.it\/wp-content\/uploads\/2016\/03\/knittingcaia_come-ho-iniziato-a-fare-la-maglia.jpg 640w, http:\/\/claudiamencaroni.it\/wp-content\/uploads\/2016\/03\/knittingcaia_come-ho-iniziato-a-fare-la-maglia-150x150.jpg 150w, http:\/\/claudiamencaroni.it\/wp-content\/uploads\/2016\/03\/knittingcaia_come-ho-iniziato-a-fare-la-maglia-300x300.jpg 300w, http:\/\/claudiamencaroni.it\/wp-content\/uploads\/2016\/03\/knittingcaia_come-ho-iniziato-a-fare-la-maglia-120x120.jpg 120w\" sizes=\"auto, (max-width: 640px) 100vw, 640px\" \/><\/a><\/p>\n<p>Quando ero piccola, arrivava l&#8217;estate e le scuole chiudevano.<br \/>\nMia madre lavorava in banca, mio padre, promotore editoriale, chiudeva l&#8217;agenzia solo ad Agosto.<br \/>\nIo non lo so se i miei genitori\u00a0si facevano venire le tachicardie come prendono a me, ma comunque &#8212; mia sorella ancora non c&#8217;era &#8212; il problema-figlia veniva gestito cos\u00ec: alcuni giorni venivo affidata\u00a0a\u00a0mio nonno, che ha presidiato il magazzino di mio padre dalla pensione fino a pochi anni fa, con il quale componevo le collane dei libri scolastici per settembre, facevo merenda seduta in cima ai bancali di libri <em>incellophanati<\/em>, ascoltavo storie bellissime della sua infanzia o di sua invenzione, facevo amicizia con\u00a0librai chiacchieroni\u00a0e professori colti, sfogliavo libri illustrati e sognavo di scriverne; altri giorni venivo accompagnata la mattina presto da mia nonna, che aveva un meraviglioso terrazzo\u00a0<em>petaloso<\/em>, abitato soprattutto da gerani, con i quali mi avvantaggiavo di una ventina d&#8217;anni sulla ricostruzione unghie e mi fregiavo di manicure rosa (geranio, appunto). Ma non solo: con lei sin da piccolissima ho imparato ad amare i ceci, perch\u00e9 me li spellava, uno a uno, e mi raccontava che il primo fosse la mamma e gli altri, in fila come un trenino, i figli: mangiato il primo era importante far ricongiungere la prole con la madre quindi uno alla volta, gi\u00f9 nella pancia.<br \/>\nE\u00a0poi ho imparato a ricamare &#8212; punto a croce &#8212; a fare la maglia e l&#8217;uncinetto. Sar\u00e0 per questo che di lei, quando la cerco nella memoria, quello che visualizzo\u00a0pi\u00f9 nettamente sono le dita, l&#8217;attaccatura delle unghie, il modo in cui muoveva le mani: il mio sguardo\u00a0l&#8217;amore e i ricordi li catturava\u00a0da quei gesti l\u00ec.<br \/>\nL&#8217;estate era lunga e durava un soffio.<\/p>\n<p><a href=\"http:\/\/claudiamencaroni.it\/wp-content\/uploads\/2016\/03\/knittingcaia_thedoodler_westknit.jpg\" rel=\"attachment wp-att-419\"><img loading=\"lazy\" decoding=\"async\" class=\"aligncenter size-full wp-image-419\" src=\"http:\/\/claudiamencaroni.it\/wp-content\/uploads\/2016\/03\/knittingcaia_thedoodler_westknit.jpg\" alt=\"knittingcaia_thedoodler_westknit\" width=\"640\" height=\"640\" srcset=\"http:\/\/claudiamencaroni.it\/wp-content\/uploads\/2016\/03\/knittingcaia_thedoodler_westknit.jpg 640w, http:\/\/claudiamencaroni.it\/wp-content\/uploads\/2016\/03\/knittingcaia_thedoodler_westknit-150x150.jpg 150w, http:\/\/claudiamencaroni.it\/wp-content\/uploads\/2016\/03\/knittingcaia_thedoodler_westknit-300x300.jpg 300w, http:\/\/claudiamencaroni.it\/wp-content\/uploads\/2016\/03\/knittingcaia_thedoodler_westknit-120x120.jpg 120w\" sizes=\"auto, (max-width: 640px) 100vw, 640px\" \/><\/a><\/p>\n<p>La maglia quindi l&#8217;ho imparata in quelle estati lontane, estati fresche &#8212; a quei tempi chiss\u00e0 forse non si sudava.<\/p>\n<p>Non ho ripreso i ferri per anni. Forse a una certo punto ci avevo riprovato, i primi anni dell&#8217;universit\u00e0, non sono sicura.<br \/>\nPoi a New York. Non era estate, non era casa.<br \/>\nEro incinta, abbastanza sola, nevicava. Ho iniziato a frequentare un posticino carino a Manhattan, a Soho. Ordinavo\u00a0una tisana e cercavo di riprendere confidenza con dritto e rovescio per fare una copertina per Momo, che non l&#8217;ha mai usata perch\u00e9 \u00e8 nato d&#8217;estate e avevo sbagliato filato.<br \/>\nPoi la maternit\u00e0 mi ha fagocitato e ho ripreso davvero i ferri in mano solo pochi mesi fa.<\/p>\n<p>Da quando mi sono rituffata nel mondo della maglia\u00a0ho rivoluzionato il metodo: utilizzo quello continentale con i ferri circolari o accorciati. Per me \u00e8 stata una svolta, sono diventata molto pi\u00f9 veloce e mi sembra tutto pi\u00f9 facile e intuitivo. Per di pi\u00f9\u00a0i ferri sono agevoli e per niente\u00a0pericolosi, si portano facilmente appresso e nelle mie borse quotidiane pi\u00f9 simili a valigie sono discreti, non fanno la differenza. Questo mi permette di portare avanti lavori anche in autobus o mentre i bambini fanno sport.<br \/>\nLa cosa pi\u00f9 bella \u00e8 che per un certo tipo di lavori che non richiedono molti conti e concentrazione riesco anche a leggere nel frattempo. Praticamente il paradiso.<\/p>\n<p>Ma veniamo alla mia cotta: <a href=\"http:\/\/westknits.com\" target=\"_blank\">Stephen West<\/a>. Be&#8217; cotta non proprio nel senso stretto del termine, ma comunque me ne sono appassionata.<a href=\"http:\/\/www.ravelry.com\/designers\/stephen-west\" target=\"_blank\"> Su Raverly ci sono tutti i suoi ultimi design<\/a> e io ne sono totalmente soggiogata. Per ora ho acquistato e sviluppato #thedoodler di cui sono molto orgogliosa.<\/p>\n<p><a href=\"http:\/\/claudiamencaroni.it\/wp-content\/uploads\/2016\/03\/knittingcaia_thedoodler_west-knit.jpg\" rel=\"attachment wp-att-418\"><img loading=\"lazy\" decoding=\"async\" class=\"aligncenter size-full wp-image-418\" src=\"http:\/\/claudiamencaroni.it\/wp-content\/uploads\/2016\/03\/knittingcaia_thedoodler_west-knit.jpg\" alt=\"knittingcaia_thedoodler_west-knit\" width=\"640\" height=\"640\" srcset=\"http:\/\/claudiamencaroni.it\/wp-content\/uploads\/2016\/03\/knittingcaia_thedoodler_west-knit.jpg 640w, http:\/\/claudiamencaroni.it\/wp-content\/uploads\/2016\/03\/knittingcaia_thedoodler_west-knit-150x150.jpg 150w, http:\/\/claudiamencaroni.it\/wp-content\/uploads\/2016\/03\/knittingcaia_thedoodler_west-knit-300x300.jpg 300w, http:\/\/claudiamencaroni.it\/wp-content\/uploads\/2016\/03\/knittingcaia_thedoodler_west-knit-120x120.jpg 120w\" sizes=\"auto, (max-width: 640px) 100vw, 640px\" \/><\/a><\/p>\n<p>E adesso sono all&#8217;inizio di un #parachutey, <a href=\"http:\/\/www.ravelry.com\/patterns\/library\/parachutey\" target=\"_blank\">un top molto stravagante ma davvero carino<\/a>, per il quale sto utilizzando un po&#8217; di rimasugli di lane. Mi auguro che non venga fuori una schifezza.<\/p>\n<p>Per\u00f2\u00a0i progetti pi\u00f9 grossi ce li ho per la bella stagione: se il modello del Parachutey si presta come credo conto di rifarlo nella misura pi\u00f9 grande con cotone, seta o lino per trasformarlo in un abitino. E poi\u00a0voglio riempire i vasi delle miei finestre di gerani e ammirarli insieme ai miei bambini mentre imparano a fare la maglia.<\/p>\n","protected":false},"excerpt":{"rendered":"<p>Quando ero piccola, arrivava l&#8217;estate e le scuole chiudevano. Mia madre lavorava in banca, mio padre, promotore editoriale, chiudeva l&#8217;agenzia solo ad Agosto. Io non lo so se i miei genitori\u00a0si facevano venire le tachicardie come prendono a me, ma comunque &#8212; mia sorella ancora non c&#8217;era &#8212; il problema-figlia veniva gestito cos\u00ec: alcuni giorni venivo affidata\u00a0a\u00a0mio nonno, che ha presidiato il magazzino di mio padre dalla pensione fino a pochi anni fa, con il quale componevo le collane dei libri scolastici per settembre, facevo merenda seduta in cima ai bancali di libri incellophanati, ascoltavo storie bellissime della sua infanzia o di sua invenzione, facevo amicizia con\u00a0librai chiacchieroni\u00a0e professori colti, sfogliavo libri illustrati e sognavo di scriverne; altri giorni venivo accompagnata la mattina presto da mia nonna, che aveva un meraviglioso terrazzo\u00a0petaloso, abitato soprattutto da gerani, con i quali mi avvantaggiavo di una ventina d&#8217;anni sulla ricostruzione unghie e mi fregiavo di manicure rosa (geranio, appunto). Ma non solo: con lei sin da piccolissima ho imparato ad amare i ceci, perch\u00e9 me li spellava, uno &hellip;<\/p>\n","protected":false},"author":2,"featured_media":418,"comment_status":"open","ping_status":"open","sticky":false,"template":"","format":"standard","meta":{"jetpack_post_was_ever_published":false,"_jetpack_newsletter_access":"","_jetpack_dont_email_post_to_subs":false,"_jetpack_newsletter_tier_id":0,"_jetpack_memberships_contains_paywalled_content":false,"_jetpack_memberships_contains_paid_content":false,"footnotes":"","jetpack_publicize_message":"","jetpack_publicize_feature_enabled":true,"jetpack_social_post_already_shared":false,"jetpack_social_options":{"image_generator_settings":{"template":"highway","enabled":false},"version":2}},"categories":[36],"tags":[101,103,102,100,104,34,48],"class_list":["post-414","post","type-post","status-publish","format-standard","has-post-thumbnail","hentry","category-stile-di-vita","tag-knittingcaia","tag-filati","tag-fiori","tag-maglia","tag-stephen-west","tag-storie","tag-storie-ritrose"],"jetpack_publicize_connections":[],"jetpack_featured_media_url":"http:\/\/claudiamencaroni.it\/wp-content\/uploads\/2016\/03\/knittingcaia_thedoodler_west-knit.jpg","jetpack_sharing_enabled":true,"jetpack_shortlink":"https:\/\/wp.me\/p7S7g1-6G","_links":{"self":[{"href":"http:\/\/claudiamencaroni.it\/index.php\/wp-json\/wp\/v2\/posts\/414","targetHints":{"allow":["GET"]}}],"collection":[{"href":"http:\/\/claudiamencaroni.it\/index.php\/wp-json\/wp\/v2\/posts"}],"about":[{"href":"http:\/\/claudiamencaroni.it\/index.php\/wp-json\/wp\/v2\/types\/post"}],"author":[{"embeddable":true,"href":"http:\/\/claudiamencaroni.it\/index.php\/wp-json\/wp\/v2\/users\/2"}],"replies":[{"embeddable":true,"href":"http:\/\/claudiamencaroni.it\/index.php\/wp-json\/wp\/v2\/comments?post=414"}],"version-history":[{"count":8,"href":"http:\/\/claudiamencaroni.it\/index.php\/wp-json\/wp\/v2\/posts\/414\/revisions"}],"predecessor-version":[{"id":428,"href":"http:\/\/claudiamencaroni.it\/index.php\/wp-json\/wp\/v2\/posts\/414\/revisions\/428"}],"wp:featuredmedia":[{"embeddable":true,"href":"http:\/\/claudiamencaroni.it\/index.php\/wp-json\/wp\/v2\/media\/418"}],"wp:attachment":[{"href":"http:\/\/claudiamencaroni.it\/index.php\/wp-json\/wp\/v2\/media?parent=414"}],"wp:term":[{"taxonomy":"category","embeddable":true,"href":"http:\/\/claudiamencaroni.it\/index.php\/wp-json\/wp\/v2\/categories?post=414"},{"taxonomy":"post_tag","embeddable":true,"href":"http:\/\/claudiamencaroni.it\/index.php\/wp-json\/wp\/v2\/tags?post=414"}],"curies":[{"name":"wp","href":"https:\/\/api.w.org\/{rel}","templated":true}]}}