{"id":153,"date":"2015-05-18T08:11:14","date_gmt":"2015-05-18T08:11:14","guid":{"rendered":"http:\/\/claudiamencaroni.it\/?p=153"},"modified":"2015-05-18T08:11:14","modified_gmt":"2015-05-18T08:11:14","slug":"quello-che-gli-occhi-non-vedono","status":"publish","type":"post","link":"https:\/\/claudiamencaroni.it\/index.php\/2015\/05\/18\/quello-che-gli-occhi-non-vedono\/","title":{"rendered":"Quello che gli occhi non vedono"},"content":{"rendered":"<p><a href=\"http:\/\/claudiamencaroni.it\/wp-content\/uploads\/2015\/05\/quello-che-gli-occhi-non-vedono.jpg\"><img loading=\"lazy\" decoding=\"async\" class=\"aligncenter size-full wp-image-168\" src=\"http:\/\/claudiamencaroni.it\/wp-content\/uploads\/2015\/05\/quello-che-gli-occhi-non-vedono.jpg\" alt=\"lacrime in tasca\" width=\"640\" height=\"426\" srcset=\"https:\/\/claudiamencaroni.it\/wp-content\/uploads\/2015\/05\/quello-che-gli-occhi-non-vedono.jpg 640w, https:\/\/claudiamencaroni.it\/wp-content\/uploads\/2015\/05\/quello-che-gli-occhi-non-vedono-300x200.jpg 300w\" sizes=\"auto, (max-width: 640px) 100vw, 640px\" \/><\/a><\/p>\n<p>A scuola avevo un compagno che ho amato moltissimo.<br \/>\n<span style=\"line-height: 1.73;\">Mi raccontava che entrare in un nuovo spazio era sempre una conquista. Comprenderne i confini, memorizzare la disposizione degli elementi che lo compongono, prendere le misure avendo come unit\u00e0 i propri passi, le proprie dita.<br \/>\n<\/span><span style=\"line-height: 1.73;\">Mi diceva che per lui poteva esistere solo ci\u00f2 che veniva toccato o calpestato.<br \/>\n<\/span><span style=\"line-height: 1.73;\">Il mio amico parlava di stanze, di luoghi, ma intendeva la vita, le persone.<\/span><\/p>\n<p><!--more-->L&#8217;ho incontrato dopo vent&#8217;anni per caso, in una bottega di quartiere di dove sono nata.<br \/>\nHa riconosciuto la mia voce, io ho riconosciuto la sua pelle.<br \/>\nHa seguito con i polpastrelli le mie lacrime.<br \/>\n<em>Sei ancora tu, non soltanto una voce familiare, ma un&#8217;anima che posso ancora toccare,<\/em> mi ha detto.<br \/>\nIl mio amico non ha mai potuto vedere, era cieco dalla nascita.<br \/>\nMi diceva che ci\u00f2 che tocchi esiste per sempre, \u00e8 la tua realt\u00e0 immutabile: <em>un banco di scuola rester\u00e0 per sempre alto cos\u00ec e tu resterai sempre quella con le lacrime in tasca,<\/em> mi diceva.<\/p>\n<p>&nbsp;<\/p>\n<p><em>Se vuoi ascoltare questa storia, la leggo su Spreaker <a href=\"https:\/\/www.spreaker.com\/user\/8172716\/quellochegliocchinonvedono\" target=\"_blank\">#quellochegliocchinonvedono<\/a><\/em><\/p>\n","protected":false},"excerpt":{"rendered":"<p>A scuola avevo un compagno che ho amato moltissimo. Mi raccontava che entrare in un nuovo spazio era sempre una conquista. Comprenderne i confini, memorizzare la disposizione degli elementi che lo compongono, prendere le misure avendo come unit\u00e0 i propri passi, le proprie dita. Mi diceva che per lui poteva esistere solo ci\u00f2 che veniva toccato o calpestato. Il mio amico parlava di stanze, di luoghi, ma intendeva la vita, le persone.<\/p>\n","protected":false},"author":2,"featured_media":168,"comment_status":"open","ping_status":"open","sticky":false,"template":"","format":"standard","meta":{"jetpack_post_was_ever_published":false,"_jetpack_newsletter_access":"","_jetpack_dont_email_post_to_subs":false,"_jetpack_newsletter_tier_id":0,"_jetpack_memberships_contains_paywalled_content":false,"_jetpack_memberships_contains_paid_content":false,"footnotes":"","jetpack_publicize_message":"","jetpack_publicize_feature_enabled":true,"jetpack_social_post_already_shared":false,"jetpack_social_options":{"image_generator_settings":{"template":"highway","enabled":false},"version":2}},"categories":[47],"tags":[49,34,48],"class_list":["post-153","post","type-post","status-publish","format-standard","has-post-thumbnail","hentry","category-storie-ritrose","tag-spreaker","tag-storie","tag-storie-ritrose"],"jetpack_publicize_connections":[],"jetpack_featured_media_url":"https:\/\/claudiamencaroni.it\/wp-content\/uploads\/2015\/05\/quello-che-gli-occhi-non-vedono.jpg","jetpack_sharing_enabled":true,"jetpack_shortlink":"https:\/\/wp.me\/p7S7g1-2t","_links":{"self":[{"href":"https:\/\/claudiamencaroni.it\/index.php\/wp-json\/wp\/v2\/posts\/153","targetHints":{"allow":["GET"]}}],"collection":[{"href":"https:\/\/claudiamencaroni.it\/index.php\/wp-json\/wp\/v2\/posts"}],"about":[{"href":"https:\/\/claudiamencaroni.it\/index.php\/wp-json\/wp\/v2\/types\/post"}],"author":[{"embeddable":true,"href":"https:\/\/claudiamencaroni.it\/index.php\/wp-json\/wp\/v2\/users\/2"}],"replies":[{"embeddable":true,"href":"https:\/\/claudiamencaroni.it\/index.php\/wp-json\/wp\/v2\/comments?post=153"}],"version-history":[{"count":4,"href":"https:\/\/claudiamencaroni.it\/index.php\/wp-json\/wp\/v2\/posts\/153\/revisions"}],"predecessor-version":[{"id":170,"href":"https:\/\/claudiamencaroni.it\/index.php\/wp-json\/wp\/v2\/posts\/153\/revisions\/170"}],"wp:featuredmedia":[{"embeddable":true,"href":"https:\/\/claudiamencaroni.it\/index.php\/wp-json\/wp\/v2\/media\/168"}],"wp:attachment":[{"href":"https:\/\/claudiamencaroni.it\/index.php\/wp-json\/wp\/v2\/media?parent=153"}],"wp:term":[{"taxonomy":"category","embeddable":true,"href":"https:\/\/claudiamencaroni.it\/index.php\/wp-json\/wp\/v2\/categories?post=153"},{"taxonomy":"post_tag","embeddable":true,"href":"https:\/\/claudiamencaroni.it\/index.php\/wp-json\/wp\/v2\/tags?post=153"}],"curies":[{"name":"wp","href":"https:\/\/api.w.org\/{rel}","templated":true}]}}