{"id":462,"date":"2016-05-06T16:15:13","date_gmt":"2016-05-06T14:15:13","guid":{"rendered":"http:\/\/claudiamencaroni.it\/?p=462"},"modified":"2016-09-06T10:29:18","modified_gmt":"2016-09-06T08:29:18","slug":"anche-poco-va-bene","status":"publish","type":"post","link":"https:\/\/claudiamencaroni.it\/index.php\/2016\/05\/06\/anche-poco-va-bene\/","title":{"rendered":"Anche poco va bene"},"content":{"rendered":"<p>Da archiviare in &#8220;<strong>cose che si imparano strada facendo<\/strong>&#8220;: anche poco va bene.<br \/>\nNon \u00e8 perfetto? Mi accontento. Non \u00e8 tutto? Meglio di niente. Non \u00e8 completo? Potrebbe diventarlo. Non \u00e8 esattamente come era stato pensato? Magari \u00e8 meglio.<\/p>\n<p><!--more--><strong>Non sono geneticamente perfezionista, ma sono intrinsecamente attratta dal bello<\/strong> ed \u00e8 a quello che mi ispiro quando progetto, tendo a un modello ideale molto alto. Inutile dire che non ci sono mai arrivata. Talvolta per contingenze esterne, bisogna constatarlo, ma tante altre volte per mie mancanze: per pigrizia, incostanza, per paura, per incompetenza o poco tempismo, per stanchezza.<\/p>\n<p>Con l&#8217;esperienza &#8212; gli anni non passano soltanto per regalare capelli bianchi e braccia flaccide &#8212; <strong>ho capito che ci sono altre vie, parallele a quelle della perfezione, talvolta persino pi\u00f9 efficaci.<\/strong> Non parlo solo di lavoro, ma di maternit\u00e0, relazioni, mansioni quotidiane.<br \/>\nQualcosa che ho tratto dalle mie giornate destrutturate di\u00a0donna, madre, professionista e moglie, figlia, amica \u00e8 che anche poco va bene. Se non ho tempo di telefonare, un messaggio \u00e8 gi\u00e0 qualcosa. Se non ho la lucidit\u00e0 mentale di raccontare una storia inventata, anche una pagina di Rodari fa al caso e se ho una serie di incastri per cui alle sette sono ancora in macchina a cercare un maledetto parcheggio, ebbene la pizza a domicilio \u00e8 un&#8217;opzione che fa felici tutti.<\/p>\n<p><a href=\"http:\/\/claudiamencaroni.it\/wp-content\/uploads\/2016\/05\/anche-poco-va-bene.jpg\"><img loading=\"lazy\" decoding=\"async\" class=\"aligncenter size-full wp-image-463\" src=\"http:\/\/claudiamencaroni.it\/wp-content\/uploads\/2016\/05\/anche-poco-va-bene.jpg\" alt=\"anche-poco-va-bene\" width=\"660\" height=\"403\" srcset=\"https:\/\/claudiamencaroni.it\/wp-content\/uploads\/2016\/05\/anche-poco-va-bene.jpg 660w, https:\/\/claudiamencaroni.it\/wp-content\/uploads\/2016\/05\/anche-poco-va-bene-300x183.jpg 300w\" sizes=\"auto, (max-width: 660px) 100vw, 660px\" \/><\/a><\/p>\n<p>In questo periodo <strong>sono in bilico<\/strong> tra portare avanti due progetti a cui tengo tantissimo, tentando il tutto per tutto anche se so gi\u00e0 che non potranno essere perfetti, ma magari perfettibili in corsa, o mollare.<br \/>\nSe ci penso \u00e8 forse la prima volta che questa scelta la faccio consapevolmente, e a questo giro mi dico non mollo. <strong>Non mollo.<\/strong> Perch\u00e9 questa volta buttare al vento le intuizioni, le proiezioni, il lavoro, l&#8217;investimento fatto finora, il coinvolgimento di chi \u00e8 accanto a me, mi sembrerebbe davvero un crimine. Non \u00e8 giusto. Lo devo a loro, ma &#8212; posso dirlo? &#8212; lo devo soprattutto a me. Che anche poco va bene, purch\u00e9 sia genuino. <strong>Anche poco va bene. Un poco perfettibile, non si sa mai.<\/strong><\/p>\n","protected":false},"excerpt":{"rendered":"<p>Da archiviare in &#8220;cose che si imparano strada facendo&#8220;: anche poco va bene. Non \u00e8 perfetto? Mi accontento. Non \u00e8 tutto? Meglio di niente. Non \u00e8 completo? Potrebbe diventarlo. Non \u00e8 esattamente come era stato pensato? Magari \u00e8 meglio.<\/p>\n","protected":false},"author":2,"featured_media":463,"comment_status":"open","ping_status":"open","sticky":false,"template":"","format":"standard","meta":{"jetpack_post_was_ever_published":false,"_jetpack_newsletter_access":"","_jetpack_dont_email_post_to_subs":false,"_jetpack_newsletter_tier_id":0,"_jetpack_memberships_contains_paywalled_content":false,"_jetpack_memberships_contains_paid_content":false,"footnotes":"","jetpack_publicize_message":"","jetpack_publicize_feature_enabled":true,"jetpack_social_post_already_shared":false,"jetpack_social_options":{"image_generator_settings":{"template":"highway","enabled":false},"version":2}},"categories":[2,36],"tags":[78,106,19,38,3,107],"class_list":["post-462","post","type-post","status-publish","format-standard","has-post-thumbnail","hentry","category-scrivere","category-stile-di-vita","tag-cercoladirezione","tag-eppure-aspettavamo-il-principe-azzurro","tag-freelance","tag-progetti","tag-scrivere","tag-sognare-grande"],"jetpack_publicize_connections":[],"jetpack_featured_media_url":"https:\/\/claudiamencaroni.it\/wp-content\/uploads\/2016\/05\/anche-poco-va-bene.jpg","jetpack_sharing_enabled":true,"jetpack_shortlink":"https:\/\/wp.me\/p7S7g1-7s","_links":{"self":[{"href":"https:\/\/claudiamencaroni.it\/index.php\/wp-json\/wp\/v2\/posts\/462","targetHints":{"allow":["GET"]}}],"collection":[{"href":"https:\/\/claudiamencaroni.it\/index.php\/wp-json\/wp\/v2\/posts"}],"about":[{"href":"https:\/\/claudiamencaroni.it\/index.php\/wp-json\/wp\/v2\/types\/post"}],"author":[{"embeddable":true,"href":"https:\/\/claudiamencaroni.it\/index.php\/wp-json\/wp\/v2\/users\/2"}],"replies":[{"embeddable":true,"href":"https:\/\/claudiamencaroni.it\/index.php\/wp-json\/wp\/v2\/comments?post=462"}],"version-history":[{"count":2,"href":"https:\/\/claudiamencaroni.it\/index.php\/wp-json\/wp\/v2\/posts\/462\/revisions"}],"predecessor-version":[{"id":465,"href":"https:\/\/claudiamencaroni.it\/index.php\/wp-json\/wp\/v2\/posts\/462\/revisions\/465"}],"wp:featuredmedia":[{"embeddable":true,"href":"https:\/\/claudiamencaroni.it\/index.php\/wp-json\/wp\/v2\/media\/463"}],"wp:attachment":[{"href":"https:\/\/claudiamencaroni.it\/index.php\/wp-json\/wp\/v2\/media?parent=462"}],"wp:term":[{"taxonomy":"category","embeddable":true,"href":"https:\/\/claudiamencaroni.it\/index.php\/wp-json\/wp\/v2\/categories?post=462"},{"taxonomy":"post_tag","embeddable":true,"href":"https:\/\/claudiamencaroni.it\/index.php\/wp-json\/wp\/v2\/tags?post=462"}],"curies":[{"name":"wp","href":"https:\/\/api.w.org\/{rel}","templated":true}]}}