{"id":678,"date":"2017-03-06T12:30:36","date_gmt":"2017-03-06T11:30:36","guid":{"rendered":"http:\/\/claudiamencaroni.it\/?p=678"},"modified":"2017-03-06T12:30:36","modified_gmt":"2017-03-06T11:30:36","slug":"storie-della-buonanotte-per-bambine-ribelli","status":"publish","type":"post","link":"https:\/\/claudiamencaroni.it\/index.php\/2017\/03\/06\/storie-della-buonanotte-per-bambine-ribelli\/","title":{"rendered":"Storie della buonanotte per bambine ribelli"},"content":{"rendered":"<p>Ho letto di questo libro su Robinson qualche domenica fa, ed <strong>\u00e8 stato amore<\/strong>.<br \/>\nCome spesso accade, innamorarmi mi rende loquace, cos\u00ec ho iniziato a tempestare chiunque mi capitasse a tiro di parole\u00a0languide e cariche di aspettative a proposito delle &#8220;<a href=\"http:\/\/www.ragazzimondadori.it\/libri\/storie-della-buonanotte-per-bambine-ribelli-francesca-cavallo-elena-favilli\/\">Storie della buonanotte per bambine ribelli<\/a>&#8221; di Francesca Cavallo e Elena Favilli.<br \/>\n<!--more-->L&#8217;ho fatto anche con le libraie della <a href=\"http:\/\/www.libreriacoreander.com\">Coreander<\/a> alle quali ho chiesto di mettermene da parte una copia non appena l&#8217;avessero ricevuto. Hanno fatto di pi\u00f9. Per placare la mia ansia d&#8217;attesa mi hanno regalato un&#8217;anticipazione, uno di quei fascicoli creati dalle case editrici come materiale promozionale che\u00a0io tenuto come una reliquia per qualche giorno fino all&#8217;uscita &#8212; finalmente &#8212; del libro in pagine e dorsetto.<\/p>\n<p><a href=\"http:\/\/claudiamencaroni.it\/wp-content\/uploads\/2017\/03\/storie-buonanotte-bambine-ribelli.jpg\"><img loading=\"lazy\" decoding=\"async\" class=\"aligncenter size-full wp-image-681\" src=\"http:\/\/claudiamencaroni.it\/wp-content\/uploads\/2017\/03\/storie-buonanotte-bambine-ribelli.jpg\" alt=\"\" width=\"1080\" height=\"1080\" srcset=\"https:\/\/claudiamencaroni.it\/wp-content\/uploads\/2017\/03\/storie-buonanotte-bambine-ribelli.jpg 1080w, https:\/\/claudiamencaroni.it\/wp-content\/uploads\/2017\/03\/storie-buonanotte-bambine-ribelli-150x150.jpg 150w, https:\/\/claudiamencaroni.it\/wp-content\/uploads\/2017\/03\/storie-buonanotte-bambine-ribelli-300x300.jpg 300w, https:\/\/claudiamencaroni.it\/wp-content\/uploads\/2017\/03\/storie-buonanotte-bambine-ribelli-768x768.jpg 768w, https:\/\/claudiamencaroni.it\/wp-content\/uploads\/2017\/03\/storie-buonanotte-bambine-ribelli-1024x1024.jpg 1024w, https:\/\/claudiamencaroni.it\/wp-content\/uploads\/2017\/03\/storie-buonanotte-bambine-ribelli-120x120.jpg 120w\" sizes=\"auto, (max-width: 1080px) 100vw, 1080px\" \/><\/a><\/p>\n<p>Il libro \u00e8 chiaramente un autoregalo, ma non ho potuto fare a meno di coinvolgere Momo e Ricco nella lettura e nell&#8217;entusiasmo.<br \/>\nDevo essere sincera, non sono stati cos\u00ec allettati all&#8217;idea di leggere queste cento biografie di donne speciali. Anzi, per due sere me l&#8217;hanno proprio boicottato, poi qualcosa \u00e8 scattato, ma ve lo faccio raccontare direttamente da Momo.<\/p>\n<p>Gi\u00e0 perch\u00e9 <strong>da oggi abbiamo un canale Youtube<\/strong> che gestiremo assieme, io e i bambini.\u00a0Vogliamo utilizzarlo\u00a0<strong>per parlare di libri.<\/strong><br \/>\nIo ne leggo a tonnellate, per diletto e per lavoro, Momo e Ricco mi seguono a ruota, unicamente per piacere. E allora\u00a0abbiamo pensato di raccontarli in un formato veloce e agevole, sia nella creazione che nella fruizione. Per i bambini \u00e8 divertente, c&#8217;\u00e8 molta spontaneit\u00e0 e per me \u00e8 un po&#8217; pi\u00f9 immediata la postproduzione che invece per le recensioni sul blog mi richiedeva talvolta troppo tempo tanto che finivo per accantonare i post in bozza e dimenticarli.<\/p>\n<p>\u00c8 un tentativo, vediamo a cosa ci porter\u00e0. Anzi, diteci cosa ne pensate, saremo lieti di avere dei feedback. Intanto <strong>ecco la recensione di Momo, sette anni, su &#8220;Storie della buonanotte per bambine ribelli&#8221;.<\/strong><\/p>\n<p><span class=\"embed-youtube\" style=\"text-align:center; display: block;\"><iframe loading=\"lazy\" class=\"youtube-player\" width=\"840\" height=\"473\" src=\"https:\/\/www.youtube.com\/embed\/jSYajJCOKHY?version=3&#038;rel=1&#038;showsearch=0&#038;showinfo=1&#038;iv_load_policy=1&#038;fs=1&#038;hl=it-IT&#038;autohide=2&#038;wmode=transparent\" allowfullscreen=\"true\" style=\"border:0;\" sandbox=\"allow-scripts allow-same-origin allow-popups allow-presentation allow-popups-to-escape-sandbox\"><\/iframe><\/span><\/p>\n<p>Di questo testo\u00a0bisognerebbe dire\u00a0tanto altro, delle <strong>sessanta\u00a0illustratrici<\/strong> che hanno creato i cento ritratti di donne, le cui<strong> vite straordinarie sono raccontate da Francesca Cavallo e Elena Favilli<\/strong>, di queste due professioniste e amiche che hanno lanciato\u00a0un eccezionale <strong>crowdfunding globale che ha permesso a questo libro di partire per il suo viaggio<\/strong>, ma a me preme lasciarvi\u00a0una nota a margine, molto personale, nata dall&#8217;atmosfera che ho respirato attorno a questo libro, anche tra i miei contatti quando ho iniziato a divulgarlo.<\/p>\n<p><strong>Questo non \u00e8 un libro per femmine.<\/strong><br \/>\nSe vogliamo davvero cambiare un approccio culturale, be&#8217; lo dobbiamo cambiare.<br \/>\nFinch\u00e9 continueremo a raccontarcele tra noi, queste storie, cambier\u00e0 certo qualcosa &#8212;\u00a0forse le nostre figlie saranno pi\u00f9 coraggiose di noi e le loro pi\u00f9 ancora delle loro madri &#8212; ma non sar\u00e0 abbastanza.<br \/>\n<strong>Il cerchio si chiuder\u00e0 davvero quando non sentiremo pi\u00f9 la necessit\u00e0 di scindere in questioni di genere le letture, i modelli da proporre<\/strong> e quindi l&#8217;educazione che impartiamo ai nostri figli &#8212; tutti i figli, femmine e maschi.<br \/>\nIl cerchio si chiuder\u00e0 quando non sar\u00e0 necessario ispirarsi a un grande uomo del passato per lasciare un segno come donna, ma sar\u00e0\u00a0spontaneo ispirarsi a una grande donna del passato per realizzarsi, bambina o bambino che sia.<\/p>\n<p>E questo, innanzitutto, me l&#8217;hanno detto Momo e Ricco, semplicemente, quando sfogliando questo libro si sono immedesimati e hanno immaginato il loro futuro come astronauti, sportivi o scrittori sulla scia di esempi di vite coraggiose e ribelli. Di donne, s\u00ec.<\/p>\n","protected":false},"excerpt":{"rendered":"<p>Ho letto di questo libro su Robinson qualche domenica fa, ed \u00e8 stato amore. Come spesso accade, innamorarmi mi rende loquace, cos\u00ec ho iniziato a tempestare chiunque mi capitasse a tiro di parole\u00a0languide e cariche di aspettative a proposito delle &#8220;Storie della buonanotte per bambine ribelli&#8221; di Francesca Cavallo e Elena Favilli.<\/p>\n","protected":false},"author":2,"featured_media":679,"comment_status":"open","ping_status":"open","sticky":false,"template":"","format":"standard","meta":{"jetpack_post_was_ever_published":false,"_jetpack_newsletter_access":"","_jetpack_dont_email_post_to_subs":false,"_jetpack_newsletter_tier_id":0,"_jetpack_memberships_contains_paywalled_content":false,"_jetpack_memberships_contains_paid_content":false,"footnotes":"","jetpack_publicize_message":"","jetpack_publicize_feature_enabled":true,"jetpack_social_post_already_shared":true,"jetpack_social_options":{"image_generator_settings":{"template":"highway","enabled":false},"version":2}},"categories":[121],"tags":[125,6,98,67,76,58,92],"class_list":["post-678","post","type-post","status-publish","format-standard","has-post-thumbnail","hentry","category-ex-libris","tag-evidenza","tag-libri","tag-libri-illustrati","tag-libri-per-bambini","tag-libri-per-ragazzi","tag-recensioni","tag-recensioni-bambine"],"jetpack_publicize_connections":[],"jetpack_featured_media_url":"https:\/\/claudiamencaroni.it\/wp-content\/uploads\/2017\/03\/storie-buonanotte-bambine-ribelli-copertina.jpg","jetpack_sharing_enabled":true,"jetpack_shortlink":"https:\/\/wp.me\/p7S7g1-aW","_links":{"self":[{"href":"https:\/\/claudiamencaroni.it\/index.php\/wp-json\/wp\/v2\/posts\/678","targetHints":{"allow":["GET"]}}],"collection":[{"href":"https:\/\/claudiamencaroni.it\/index.php\/wp-json\/wp\/v2\/posts"}],"about":[{"href":"https:\/\/claudiamencaroni.it\/index.php\/wp-json\/wp\/v2\/types\/post"}],"author":[{"embeddable":true,"href":"https:\/\/claudiamencaroni.it\/index.php\/wp-json\/wp\/v2\/users\/2"}],"replies":[{"embeddable":true,"href":"https:\/\/claudiamencaroni.it\/index.php\/wp-json\/wp\/v2\/comments?post=678"}],"version-history":[{"count":3,"href":"https:\/\/claudiamencaroni.it\/index.php\/wp-json\/wp\/v2\/posts\/678\/revisions"}],"predecessor-version":[{"id":684,"href":"https:\/\/claudiamencaroni.it\/index.php\/wp-json\/wp\/v2\/posts\/678\/revisions\/684"}],"wp:featuredmedia":[{"embeddable":true,"href":"https:\/\/claudiamencaroni.it\/index.php\/wp-json\/wp\/v2\/media\/679"}],"wp:attachment":[{"href":"https:\/\/claudiamencaroni.it\/index.php\/wp-json\/wp\/v2\/media?parent=678"}],"wp:term":[{"taxonomy":"category","embeddable":true,"href":"https:\/\/claudiamencaroni.it\/index.php\/wp-json\/wp\/v2\/categories?post=678"},{"taxonomy":"post_tag","embeddable":true,"href":"https:\/\/claudiamencaroni.it\/index.php\/wp-json\/wp\/v2\/tags?post=678"}],"curies":[{"name":"wp","href":"https:\/\/api.w.org\/{rel}","templated":true}]}}